{"id":4539,"date":"2021-01-30T19:38:31","date_gmt":"2021-01-30T19:38:31","guid":{"rendered":"http:\/\/opticoms.de\/?post_type=news&#038;p=4539"},"modified":"2021-02-18T11:17:39","modified_gmt":"2021-02-18T11:17:39","slug":"opticoms-is-granted-with-private-spectrum-by-bnetza","status":"publish","type":"news","link":"https:\/\/opticoms.de\/de\/news\/opticoms-is-granted-with-private-spectrum-by-bnetza\/","title":{"rendered":"Opticoms wurde von BNetzA mit 5G Local Spectrum ausgezeichnet"},"content":{"rendered":"<p>Opticoms wird im Dezember 2020 mit einer lokalen Frequenznutzung mit einer Bandbreite von 100 MHz zwischen 3,6 und 3,7 GHz ausgezeichnet.<\/p>\n\n\n\n<p>Opticoms has also taken its place in the list of very few local spectrum owners in Germany with BNetzA\u2019s <a href=\"https:\/\/www.bundesnetzagentur.de\/SharedDocs\/Downloads\/DE\/Sachgebiete\/Telekommunikation\/Unternehmen_Institutionen\/Frequenzen\/OffentlicheNetze\/LokaleNetze\/Zuteilungsinhaber.pdf;jsessionid=0335A12C92BE8662407CAF6B297836D7?__blob=publicationFile&amp;v=5\">Januar Ver\u00f6ffentlichung<\/a>.<\/p>\n\n\n\n<p>Opticoms baut in M\u00fcnchen ein 5G-Labor mit O-RAN- und Cloud-Core-Komponenten. Ziel ist es, O-RAN-Funk (inkl. Nicht-RT \/ Near-RT-RIC- und SMO-Komponenten) zusammen mit softwarewirtschafteten Cloud-Core-Netzwerkl\u00f6sungen in seine 5G-Laborumgebung f\u00fcr verschiedene industrielle und Betreiber-Anwendungsfallentwicklungen, Systemintegrationen und L\u00f6sungstests zu integrieren und Wertdemonstrationszwecke. Um die gemeinsamen Innovationen mit Co-Creation-Projekten zu f\u00f6rdern, wird es mit diesem Labor m\u00f6glich sein, in Zusammenarbeit mit Technologieanbietern, IT-L\u00f6sungspartnern und Telekommunikation besser geeignete, kosteng\u00fcnstige und skalierbare private E2E-Netzwerkl\u00f6sungen f\u00fcr deutsche Branchen zu entwerfen und bereitzustellen Betreiber.<\/p>","protected":false},"excerpt":{"rendered":"<p>Opticoms is awarded with local spectrum usage in December 2020 with a bandwidth of 100 MHz between 3.6-3.7 GHz. Opticoms has also taken its place in the list of very few local spectrum owners in Germany with BNetzA\u2019s January publishment. Opticoms is buildings a 5G lab in Munich with O-RAN and cloud core components. The [&hellip;]<\/p>\n","protected":false},"featured_media":27,"menu_order":0,"template":"","format":"standard","tags":[],"news_category":[39],"aioseo_notices":[],"_links":{"self":[{"href":"https:\/\/opticoms.de\/de\/wp-json\/wp\/v2\/news\/4539"}],"collection":[{"href":"https:\/\/opticoms.de\/de\/wp-json\/wp\/v2\/news"}],"about":[{"href":"https:\/\/opticoms.de\/de\/wp-json\/wp\/v2\/types\/news"}],"version-history":[{"count":3,"href":"https:\/\/opticoms.de\/de\/wp-json\/wp\/v2\/news\/4539\/revisions"}],"predecessor-version":[{"id":4847,"href":"https:\/\/opticoms.de\/de\/wp-json\/wp\/v2\/news\/4539\/revisions\/4847"}],"wp:featuredmedia":[{"embeddable":true,"href":"https:\/\/opticoms.de\/de\/wp-json\/wp\/v2\/media\/27"}],"wp:attachment":[{"href":"https:\/\/opticoms.de\/de\/wp-json\/wp\/v2\/media?parent=4539"}],"wp:term":[{"taxonomy":"post_tag","embeddable":true,"href":"https:\/\/opticoms.de\/de\/wp-json\/wp\/v2\/tags?post=4539"},{"taxonomy":"news_category","embeddable":true,"href":"https:\/\/opticoms.de\/de\/wp-json\/wp\/v2\/news_category?post=4539"}],"curies":[{"name":"wp","href":"https:\/\/api.w.org\/{rel}","templated":true}]}}